{"id":20722,"date":"2023-02-16T10:31:45","date_gmt":"2023-02-16T15:31:45","guid":{"rendered":"https:\/\/www.aeecenter.org\/?p=20722"},"modified":"2025-04-27T11:10:05","modified_gmt":"2025-04-27T15:10:05","slug":"conclusions-from-the-aee-bolivia-forum-2022","status":"publish","type":"aee-news","link":"https:\/\/www.aeecenter.org\/es\/aee-news\/conclusions-from-the-aee-bolivia-forum-2022\/","title":{"rendered":"Conclusiones del Foro AEE Bolivia 2022"},"content":{"rendered":"<p class=\"wp-block-paragraph\">El Foro AEE Bolivia 2022, que se llev\u00f3 a cabo el 14 de octubre en la ciudad de Santa Cruz (Universidad UTEPSA), concluy\u00f3 con gran \u00e9xito luego de conocer las experiencias y aportes propositivos de quienes fueron los panelistas del evento.<\/p>\n\n\n<div class=\"wp-block-image\">\n<figure class=\"alignright size-large is-resized\"><img decoding=\"async\" src=\"https:\/\/www.aeecenter.org\/wp-content\/uploads\/2023\/02\/IMG_4954-1024x683.jpg\" alt=\"\" class=\"wp-image-20724\" width=\"440\" height=\"293\" srcset=\"https:\/\/www.aeecenter.org\/wp-content\/uploads\/2023\/02\/IMG_4954-1024x683.jpg 1024w, https:\/\/www.aeecenter.org\/wp-content\/uploads\/2023\/02\/IMG_4954-300x200.jpg 300w, https:\/\/www.aeecenter.org\/wp-content\/uploads\/2023\/02\/IMG_4954-768x512.jpg 768w, https:\/\/www.aeecenter.org\/wp-content\/uploads\/2023\/02\/IMG_4954-1536x1024.jpg 1536w, https:\/\/www.aeecenter.org\/wp-content\/uploads\/2023\/02\/IMG_4954-18x12.jpg 18w, https:\/\/www.aeecenter.org\/wp-content\/uploads\/2023\/02\/IMG_4954.jpg 1920w\" sizes=\"(max-width: 440px) 100vw, 440px\" \/><\/figure>\n<\/div>\n\n\n<p class=\"wp-block-paragraph\">El evento cont\u00f3 con la participaci\u00f3n activa del sector el\u00e9ctrico nacional, industrial, energ\u00e9tico y acad\u00e9mico, quienes se dieron cita para conocer de primera mano cu\u00e1l es la visi\u00f3n que tiene cada experto sobre la transici\u00f3n energ\u00e9tica que debe afrontar Bolivia. La presentaci\u00f3n del Dr. Ram\u00f3n M\u00e9ndez, exsecretario de Energ\u00eda de Uruguay, mostr\u00f3 claramente los desaf\u00edos, oportunidades y lecciones aprendidas que atraves\u00f3 el pa\u00eds para lograr una descarbonizaci\u00f3n de su econom\u00eda que es reconocida en la regi\u00f3n como un referente. Los tres paneles planteados en el foro intentaron abarcar la mayor parte de los eslabones de la cadena de valor energ\u00e9tica del pa\u00eds. As\u00ed, el panel uno sobre el incremento de la producci\u00f3n de hidrocarburos l\u00edquidos y soluciones de biocombustibles, a trav\u00e9s de los panelistas invitados, mostr\u00f3 algunas oportunidades y soluciones que se pueden afrontar para reactivar el sector orientado a su contribuci\u00f3n a la transici\u00f3n energ\u00e9tica. El panel dos, sobre eficiencia energ\u00e9tica y generaci\u00f3n distribuida, mostr\u00f3 los beneficios para el pa\u00eds de aplicar estos elementos de manera efectiva. Finalmente, el panel tres reforz\u00f3 la cadena de valor con tecnolog\u00edas emergentes como la electromovilidad y el hidr\u00f3geno.<\/p>\n\n\n\n<p class=\"wp-block-paragraph\">El foro lleg\u00f3 a conclusiones fascinantes que agregan valor a la estrategia de transici\u00f3n energ\u00e9tica en Bolivia. Estas conclusiones se pueden resumir en los siguientes puntos:<\/p>\n\n\n\n<ul class=\"wp-block-list\"><li>Es posible pasar de una matriz energ\u00e9tica esencialmente el\u00e9ctrica f\u00f3sil a una h\u00edbrida con predominio de las renovables basadas en la e\u00f3lica y la fotovoltaica. Los factores de \u00e9xito en Uruguay han demostrado que esto es posible bajo un gran consenso y pacto nacional entre todos los actores t\u00e9cnicos, sociales y pol\u00edticos para establecer pol\u00edticas de Estado en relaci\u00f3n a este tema.<\/li><li>Electrificar la matriz energ\u00e9tica boliviana implica reconfigurarla mediante el mapeo de todos sus componentes primarios, secundarios y terciarios; y llevar a cabo una planificaci\u00f3n cuidadosa, en la que el objetivo principal es la migraci\u00f3n de servicios hacia la electrificaci\u00f3n (caso de transporte, industria, residencial y comercial). La infraestructura de energ\u00edas renovables que se desarrolle deber\u00e1 estar dise\u00f1ada para soportar esta electrificaci\u00f3n de manera que no perjudique el sistema el\u00e9ctrico nacional ni la operaci\u00f3n del despacho de carga.<\/li><li>Un elemento clave, quiz\u00e1s el m\u00e1s descuidado, es la educaci\u00f3n energ\u00e9tica que debe estar presente en todos los niveles educativos y en la sociedad en su conjunto, a trav\u00e9s de programas de difusi\u00f3n y formaci\u00f3n, con directrices claras sobre eficiencia energ\u00e9tica, uso racional de la energ\u00eda y cambio clim\u00e1tico. Estos programas, que deben basarse en pol\u00edticas energ\u00e9ticas en la dimensi\u00f3n educativa, deben impartirse en escuelas, institutos, universidades, instituciones p\u00fablicas, empresas, colegios profesionales y otros grupos sociales organizados.<\/li><li>Se ha propuesto importar petr\u00f3leo por oleoducto desde Argentina para procesarlo en la infraestructura de refinaci\u00f3n de Bolivia y depender menos de las importaciones de di\u00e9sel.<\/li><li>Desarrollar la planificaci\u00f3n energ\u00e9tica integral en las instancias correspondientes del Estado boliviano; tambi\u00e9n contempla a todos los actores claves en la transici\u00f3n energ\u00e9tica nacional, que se establezca como una pol\u00edtica de Estado de largo plazo hacia el a\u00f1o 2050 por lo menos.<\/li><li>Como parte de la planificaci\u00f3n energ\u00e9tica integral, se deben profundizar las pol\u00edticas de penetraci\u00f3n de la electromovilidad, con programas espec\u00edficos de acceso a los sectores poblaci\u00f3n y transporte.<\/li><li>Acelerar la transici\u00f3n energ\u00e9tica hacia el cumplimiento de los compromisos asumidos a nivel internacional, como el Acuerdo de Par\u00eds en 2016, y que vaya en beneficio de nuestro pa\u00eds y ecosistema.<\/li><\/ul>\n\n\n\n<p class=\"wp-block-paragraph\">El Foro AEE Bolivia 2022 ha generado espacios de an\u00e1lisis y propuestas proactivas como aporte al desarrollo energ\u00e9tico de nuestro pa\u00eds por parte de profesionales con experiencia en los diferentes ejes del desarrollo energ\u00e9tico. Se pueden reenviar a los niveles correspondientes para ayudar con la estrategia nacional de transici\u00f3n energ\u00e9tica. Nuestro principal objetivo es contribuir profesionalmente a nuestra querida Bolivia.<\/p>","protected":false},"featured_media":20723,"comment_status":"closed","ping_status":"closed","template":"","topic":[],"class_list":["post-20722","aee-news","type-aee-news","status-publish","has-post-thumbnail","hentry"],"acf":[],"_links":{"self":[{"href":"https:\/\/www.aeecenter.org\/es\/wp-json\/wp\/v2\/aee-news\/20722","targetHints":{"allow":["GET"]}}],"collection":[{"href":"https:\/\/www.aeecenter.org\/es\/wp-json\/wp\/v2\/aee-news"}],"about":[{"href":"https:\/\/www.aeecenter.org\/es\/wp-json\/wp\/v2\/types\/aee-news"}],"replies":[{"embeddable":true,"href":"https:\/\/www.aeecenter.org\/es\/wp-json\/wp\/v2\/comments?post=20722"}],"wp:featuredmedia":[{"embeddable":true,"href":"https:\/\/www.aeecenter.org\/es\/wp-json\/wp\/v2\/media\/20723"}],"wp:attachment":[{"href":"https:\/\/www.aeecenter.org\/es\/wp-json\/wp\/v2\/media?parent=20722"}],"wp:term":[{"taxonomy":"topic","embeddable":true,"href":"https:\/\/www.aeecenter.org\/es\/wp-json\/wp\/v2\/topic?post=20722"}],"curies":[{"name":"wp","href":"https:\/\/api.w.org\/{rel}","templated":true}]}}